{"id":2133,"date":"2023-06-06T15:48:52","date_gmt":"2023-06-06T13:48:52","guid":{"rendered":"https:\/\/orbit-projekt.de\/?post_type=blog_post&#038;p=2133"},"modified":"2023-06-06T15:48:52","modified_gmt":"2023-06-06T13:48:52","slug":"halbzeit-im-orbit-ii-projekt","status":"publish","type":"blog_post","link":"https:\/\/orbit-projekt.de\/?blog_post=halbzeit-im-orbit-ii-projekt","title":{"rendered":"Halbzeit im ORBIT II Projekt"},"content":{"rendered":"\n<p><strong>Am 17.05.2023 fand das 4. Projekttreffen im Rahmen des Verbundvorhabens ORBIT II in Landshut statt.<\/strong><\/p>\n\n\n\n<p>P\u00fcnktlich zur H\u00e4lfte des Projektes ORBIT II fand das 4. Projekttreffen mit unseren Projektpartner*innen statt. Den Auftakt nach einer kurzen Foto-Session lieferte Dr. Thomas Maier mit einer Vorstellung der SCHOTT AG, bei der die Einsatzm\u00f6glichkeiten von Spezialgl\u00e4sern eindr\u00fccklich dargestellt wurden.<\/p>\n\n\n\n<p>Anschlie\u00dfend ging es an die Projektinhalte der Projektpartner*innen. W\u00e4hrend bei den Universit\u00e4ten bereits erste Versuchsreihen mit ORBIT-Twin, neuen Mikroorganismen und den neuen Glasf\u00fcllk\u00f6rpern durchgef\u00fchrt werden, laufen die Vorbereitungen f\u00fcr die anstehende Versuchsphase von ORBIT-Demo auf Hochtouren. In den kommenden Monaten steht dort die Inbetriebnahme an.<\/p>\n\n\n\n<p>Nach der Mittagspause ging es dann zum zweiten SCHOTT Werk. Thomas Maier und Matthias Rindt gaben eine Werksf\u00fchrung und stellten die breite Produktpalette von SCHOTT vor. Hauptaugenmerk lag auf dem Produktionsprozess der Glasf\u00fcllk\u00f6rper f\u00fcr das ORBIT Projekt. So konnten die essenziellen Bearbeitungsschritte von der Materialanlieferung bis zum finalen Brennprozess anschaulich allen Projektpartnern aufgezeigt werden.<\/p>\n\n\n\n<p><strong>Autoren:<\/strong> FENES, Daniel Rank, Michael Heberl<\/p>\n\n\n\n<p><\/p>\n","protected":false},"excerpt":{"rendered":"<p>Am 17.05.2023 fand das 4. Projekttreffen im Rahmen des Verbundvorhabens ORBIT II in Landshut statt. P\u00fcnktlich zur H\u00e4lfte des Projektes ORBIT II fand das 4. Projekttreffen mit unseren Projektpartner*innen statt. Den Auftakt nach einer kurzen Foto-Session lieferte Dr. Thomas Maier mit einer Vorstellung der SCHOTT AG, bei der die Einsatzm\u00f6glichkeiten von Spezialgl\u00e4sern eindr\u00fccklich dargestellt wurden. [&hellip;]<\/p>\n","protected":false},"author":5,"featured_media":2134,"comment_status":"closed","ping_status":"closed","template":"","tags":[],"blog-category":[26],"class_list":["post-2133","blog_post","type-blog_post","status-publish","has-post-thumbnail","hentry","blog-category-deutsch"],"_links":{"self":[{"href":"https:\/\/orbit-projekt.de\/index.php?rest_route=\/wp\/v2\/blog_post\/2133","targetHints":{"allow":["GET"]}}],"collection":[{"href":"https:\/\/orbit-projekt.de\/index.php?rest_route=\/wp\/v2\/blog_post"}],"about":[{"href":"https:\/\/orbit-projekt.de\/index.php?rest_route=\/wp\/v2\/types\/blog_post"}],"author":[{"embeddable":true,"href":"https:\/\/orbit-projekt.de\/index.php?rest_route=\/wp\/v2\/users\/5"}],"replies":[{"embeddable":true,"href":"https:\/\/orbit-projekt.de\/index.php?rest_route=%2Fwp%2Fv2%2Fcomments&post=2133"}],"wp:featuredmedia":[{"embeddable":true,"href":"https:\/\/orbit-projekt.de\/index.php?rest_route=\/wp\/v2\/media\/2134"}],"wp:attachment":[{"href":"https:\/\/orbit-projekt.de\/index.php?rest_route=%2Fwp%2Fv2%2Fmedia&parent=2133"}],"wp:term":[{"taxonomy":"post_tag","embeddable":true,"href":"https:\/\/orbit-projekt.de\/index.php?rest_route=%2Fwp%2Fv2%2Ftags&post=2133"},{"taxonomy":"blog-category","embeddable":true,"href":"https:\/\/orbit-projekt.de\/index.php?rest_route=%2Fwp%2Fv2%2Fblog-category&post=2133"}],"curies":[{"name":"wp","href":"https:\/\/api.w.org\/{rel}","templated":true}]}}